{"id":450,"date":"2025-10-31T12:22:13","date_gmt":"2025-10-31T11:22:13","guid":{"rendered":"https:\/\/gruppe-cartonage.org\/?p=450"},"modified":"2026-03-02T15:37:21","modified_gmt":"2026-03-02T14:37:21","slug":"zaungespraeche","status":"publish","type":"post","link":"https:\/\/gruppe-cartonage.org\/?p=450","title":{"rendered":"Zaungespr\u00e4che"},"content":{"rendered":"\n<p>Kurzfilm zu Ausschaffungshaft in Z\u00fcrich mit anschlie\u00dfendem Gespr\u00e4ch \u00fcber Abschiebehaft in Dresden<\/p>\n\n\n\n<figure class=\"wp-block-image size-full\"><img loading=\"lazy\" decoding=\"async\" width=\"607\" height=\"612\" src=\"https:\/\/gruppe-cartonage.org\/wp-content\/uploads\/2025\/10\/Flyer-cartonage-November-2025.jpg\" alt=\"\" class=\"wp-image-451\" srcset=\"https:\/\/gruppe-cartonage.org\/wp-content\/uploads\/2025\/10\/Flyer-cartonage-November-2025.jpg 607w, https:\/\/gruppe-cartonage.org\/wp-content\/uploads\/2025\/10\/Flyer-cartonage-November-2025-298x300.jpg 298w, https:\/\/gruppe-cartonage.org\/wp-content\/uploads\/2025\/10\/Flyer-cartonage-November-2025-150x150.jpg 150w\" sizes=\"auto, (max-width: 607px) 100vw, 607px\" \/><\/figure>\n\n\n\n<p><strong>Mittwoch, 12.11.: Kurzfilm von Lisa Gerig<\/strong> <strong>und Gespr\u00e4ch mit der Abschiebehaftkontaktgruppe Dresden<\/strong><\/p>\n\n\n\n<p>An vielen Orten in Europa, so beispielsweise in Z\u00fcrich, aber auch in Dresden gibt es Orte, an denen Menschen eingesperrt werden, nur aus einem Grund: sie loszuwerden. Daran gehen diese Menschen nach und nach kaputt. Das zeigt der Kurzfilm zur Aussschaffungshaft von 2015 sehr eindr\u00fccklich. Das Solinetz in Z\u00fcrich besucht und ber\u00e4t so wie auch die Abschiebehaftkontaktgruppe Dresden Menschen in Abschiebehaft und k\u00e4mpft dabei gegen dieses Unrecht.<br>Wir laden zu einem lockeren Film- und Gespr\u00e4chs-Input mit der Abschiebehaftkontaktgruppe Dresden ein.<\/p>\n\n\n\n<p><strong>Hintergrund zum Film:<\/strong><\/p>\n\n\n\n<p>Zaungespr\u00e4che | 2014 | Dokumentarfilm<br>Regie: Lisa Gerig<\/p>\n\n\n\n<p>Ein Ausschaffungsgef\u00e4ngnis am Z\u00fcrcher Flughafen. Als Teil der Gef\u00e4ngnisgruppe des Solinetzes besucht die Regisseurin regelm\u00e4ssig die Inhaftierten, die auf ihre Ausschaffung warten. Die Kamera darf nicht in das Gef\u00e4ngnis, doch durch das Erz\u00e4hlen \u00f6ffnet sich der Blick auf das Schicksal der Gefangenen.<\/p>\n\n\n\n<p>\u2014\u2014\u2014\u2014\u2014\u2014\u2014\u2014\u2014\u2014\u2014\u2014\u2014\u2014\u2014\u2014\u2014\u2014\u2014\u2014\u2014\u2014\u2014<\/p>\n\n\n\n<p>PS: wenn ihr bei uns mitkochen m\u00f6chtet, seid ihr ab 17 Uhr herzlich in der Conni-K\u00fcche willkommen.<\/p>\n\n\n\n<p>++++<\/p>\n\n\n\n<p>20:00 K\u00fcfa a\u2018 la cartonage<br>20:30 politisches Dessert: \u201eZaungespr\u00e4che\u201c<\/p>\n","protected":false},"excerpt":{"rendered":"<p>Kurzfilm zu Ausschaffungshaft in Z\u00fcrich mit anschlie\u00dfendem Gespr\u00e4ch \u00fcber Abschiebehaft in Dresden Mittwoch, 12.11.: Kurzfilm von Lisa Gerig und Gespr\u00e4ch mit der Abschiebehaftkontaktgruppe Dresden An vielen Orten in Europa, so beispielsweise in Z\u00fcrich, aber auch in Dresden gibt es Orte, an denen Menschen eingesperrt werden, nur aus einem Grund: sie loszuwerden. Daran gehen diese Menschen&hellip; <a class=\"more-link\" href=\"https:\/\/gruppe-cartonage.org\/?p=450\"><span class=\"screen-reader-text\">Zaungespr\u00e4che<\/span> weiterlesen<\/a><\/p>\n","protected":false},"author":1,"featured_media":0,"comment_status":"closed","ping_status":"open","sticky":true,"template":"","format":"standard","meta":{"pgc_sgb_lightbox_settings":"","footnotes":""},"categories":[1],"tags":[],"class_list":["post-450","post","type-post","status-publish","format-standard","hentry","category-allgemein","entry"],"_links":{"self":[{"href":"https:\/\/gruppe-cartonage.org\/index.php?rest_route=\/wp\/v2\/posts\/450","targetHints":{"allow":["GET"]}}],"collection":[{"href":"https:\/\/gruppe-cartonage.org\/index.php?rest_route=\/wp\/v2\/posts"}],"about":[{"href":"https:\/\/gruppe-cartonage.org\/index.php?rest_route=\/wp\/v2\/types\/post"}],"author":[{"embeddable":true,"href":"https:\/\/gruppe-cartonage.org\/index.php?rest_route=\/wp\/v2\/users\/1"}],"replies":[{"embeddable":true,"href":"https:\/\/gruppe-cartonage.org\/index.php?rest_route=%2Fwp%2Fv2%2Fcomments&post=450"}],"version-history":[{"count":5,"href":"https:\/\/gruppe-cartonage.org\/index.php?rest_route=\/wp\/v2\/posts\/450\/revisions"}],"predecessor-version":[{"id":456,"href":"https:\/\/gruppe-cartonage.org\/index.php?rest_route=\/wp\/v2\/posts\/450\/revisions\/456"}],"wp:attachment":[{"href":"https:\/\/gruppe-cartonage.org\/index.php?rest_route=%2Fwp%2Fv2%2Fmedia&parent=450"}],"wp:term":[{"taxonomy":"category","embeddable":true,"href":"https:\/\/gruppe-cartonage.org\/index.php?rest_route=%2Fwp%2Fv2%2Fcategories&post=450"},{"taxonomy":"post_tag","embeddable":true,"href":"https:\/\/gruppe-cartonage.org\/index.php?rest_route=%2Fwp%2Fv2%2Ftags&post=450"}],"curies":[{"name":"wp","href":"https:\/\/api.w.org\/{rel}","templated":true}]}}