{"id":365,"date":"2024-12-07T15:06:53","date_gmt":"2024-12-07T14:06:53","guid":{"rendered":"https:\/\/gruppe-cartonage.org\/?p=365"},"modified":"2024-12-09T13:05:15","modified_gmt":"2024-12-09T12:05:15","slug":"rechte-revolte","status":"publish","type":"post","link":"https:\/\/gruppe-cartonage.org\/?p=365","title":{"rendered":"Rechte Revolte"},"content":{"rendered":"\n<h3 class=\"wp-block-heading\">Mittwoch, 11.12: K\u00fcfa + Infos von der Gruppe &#8222;NEIN! zur Bezahlkarte&#8220; + Input zu rechtsradikalen Jugendbestrebungen in Dresden und Umgebung mit @streetcredview und @versared.foto<\/h3>\n\n\n\n<figure class=\"wp-block-image size-full\"><img loading=\"lazy\" decoding=\"async\" width=\"602\" height=\"596\" src=\"https:\/\/gruppe-cartonage.org\/wp-content\/uploads\/2024\/12\/Flyer-cartonage-Dezember-2024-1.jpg\" alt=\"\" class=\"wp-image-380\" srcset=\"https:\/\/gruppe-cartonage.org\/wp-content\/uploads\/2024\/12\/Flyer-cartonage-Dezember-2024-1.jpg 602w, https:\/\/gruppe-cartonage.org\/wp-content\/uploads\/2024\/12\/Flyer-cartonage-Dezember-2024-1-300x297.jpg 300w, https:\/\/gruppe-cartonage.org\/wp-content\/uploads\/2024\/12\/Flyer-cartonage-Dezember-2024-1-150x150.jpg 150w\" sizes=\"auto, (max-width: 602px) 100vw, 602px\" \/><\/figure>\n\n\n\n<p>Wie immer am zweiten Mittwoch im Monat ist am 11.12. bei der K\u00fcfa im AZ Conni die gruppe.cartonage am Start. Und weil bald Weihnachten ist, gibt es auch was Besonderes zu essen \ud83d\ude42<\/p>\n\n\n\n<p>Am Start ist ebenfalls die <a href=\"https:\/\/www.instagram.com\/nzbk_dd\/\">Gruppe \u201eNEIN! zur Bezahlkarte\u201c<\/a>, die Betroffenen von rassistischer Diskriminierung durch #Bezahlkarten im Raum #Dresden und #Ostsachsen zu ein bisschen mehr Menschenw\u00fcrde in Form von Bargeld verhilft. Sie wird euch das Bezahlkarten-System erkl\u00e4ren und informieren, wie ihr solidarisch unterst\u00fctzen k\u00f6nnt.<\/p>\n\n\n\n<p>Ab ca. 20:30<strong> <\/strong>erwartet euch dann ein Input \u00fcber rechtsradikale Jugendbestrebungen in Dresden und Umgebung. Gemeinsam mit den Protestfotografen <a href=\"https:\/\/www.instagram.com\/streetcredview\/\" data-type=\"link\" data-id=\"https:\/\/www.instagram.com\/streetcredview\/\">@streetcredview<\/a> und @<a href=\"https:\/\/www.instagram.com\/versared.foto\/\">versared.foto<\/a> (beide mit wissenschaftlichem Hintergrund) wollen wir nach den Rechten sehen. Es wird einen kurzen Abriss \u00fcber vorhandene Akteure in und um Dresden geben, sowie eine kleine Einordnung der neuen rechten Strategie. Am Ende gibt es aber auch noch Hoffnung! Gegenstrategien sind m\u00f6glich! <\/p>\n\n\n\n<p>++++<\/p>\n\n\n\n<p>20:00 <strong>K\u00fcfa <\/strong>a\u2018 la cartonage<\/p>\n\n\n\n<p>Parallel: Infos von<strong> <\/strong>der Gruppe <strong>&#8222;NEIN! zur Bezahlkarte&#8220;<\/strong><\/p>\n\n\n\n<p>20:30 politisches Dessert: <strong>Rechte Revolte <\/strong>&#8211; Input zu rechtsradikalen Jugendbestrebungen in Dresden und Umgebung<\/p>\n\n\n\n<p>PS: wenn ihr bei uns mitkochen m\u00f6chtet, seid ihr ab 17 Uhr herzlich in der Conni-K\u00fcche willkommen.<\/p>\n\n\n\n<p><\/p>\n\n\n\n<p><\/p>\n","protected":false},"excerpt":{"rendered":"<p>Mittwoch, 11.12: K\u00fcfa + Infos von der Gruppe &#8222;NEIN! zur Bezahlkarte&#8220; + Input zu rechtsradikalen Jugendbestrebungen in Dresden und Umgebung mit @streetcredview und @versared.foto Wie immer am zweiten Mittwoch im Monat ist am 11.12. bei der K\u00fcfa im AZ Conni die gruppe.cartonage am Start. Und weil bald Weihnachten ist, gibt es auch was Besonderes zu&hellip; <a class=\"more-link\" href=\"https:\/\/gruppe-cartonage.org\/?p=365\"><span class=\"screen-reader-text\">Rechte Revolte<\/span> weiterlesen<\/a><\/p>\n","protected":false},"author":1,"featured_media":0,"comment_status":"closed","ping_status":"open","sticky":true,"template":"","format":"standard","meta":{"pgc_sgb_lightbox_settings":"","footnotes":""},"categories":[1],"tags":[],"class_list":["post-365","post","type-post","status-publish","format-standard","hentry","category-allgemein","entry"],"_links":{"self":[{"href":"https:\/\/gruppe-cartonage.org\/index.php?rest_route=\/wp\/v2\/posts\/365","targetHints":{"allow":["GET"]}}],"collection":[{"href":"https:\/\/gruppe-cartonage.org\/index.php?rest_route=\/wp\/v2\/posts"}],"about":[{"href":"https:\/\/gruppe-cartonage.org\/index.php?rest_route=\/wp\/v2\/types\/post"}],"author":[{"embeddable":true,"href":"https:\/\/gruppe-cartonage.org\/index.php?rest_route=\/wp\/v2\/users\/1"}],"replies":[{"embeddable":true,"href":"https:\/\/gruppe-cartonage.org\/index.php?rest_route=%2Fwp%2Fv2%2Fcomments&post=365"}],"version-history":[{"count":11,"href":"https:\/\/gruppe-cartonage.org\/index.php?rest_route=\/wp\/v2\/posts\/365\/revisions"}],"predecessor-version":[{"id":381,"href":"https:\/\/gruppe-cartonage.org\/index.php?rest_route=\/wp\/v2\/posts\/365\/revisions\/381"}],"wp:attachment":[{"href":"https:\/\/gruppe-cartonage.org\/index.php?rest_route=%2Fwp%2Fv2%2Fmedia&parent=365"}],"wp:term":[{"taxonomy":"category","embeddable":true,"href":"https:\/\/gruppe-cartonage.org\/index.php?rest_route=%2Fwp%2Fv2%2Fcategories&post=365"},{"taxonomy":"post_tag","embeddable":true,"href":"https:\/\/gruppe-cartonage.org\/index.php?rest_route=%2Fwp%2Fv2%2Ftags&post=365"}],"curies":[{"name":"wp","href":"https:\/\/api.w.org\/{rel}","templated":true}]}}